{"id":54691,"date":"2022-10-04T18:58:20","date_gmt":"2022-10-04T16:58:20","guid":{"rendered":"https:\/\/www.scancostablanca.com\/noticias\/scan-shelter-el-verger-1o-year-aniversary\/"},"modified":"2022-10-09T20:11:00","modified_gmt":"2022-10-09T18:11:00","slug":"scan-shelter-el-verger-1o-year-aniversary","status":"publish","type":"post","link":"https:\/\/www.scancostablanca.com\/es\/noticias\/scan-shelter-el-verger-1o-year-aniversary\/","title":{"rendered":"SCAN PROETECTORA EL VERGER 1O ANIVERSARIO"},"content":{"rendered":"<p><img decoding=\"async\" class=\"alignnone size-medium wp-image-54493 lazyload\" data-src=\"https:\/\/www.scancostablanca.com\/wp-content\/uploads\/2022\/10\/10th-Aniversary-Flyer-480x622.jpg\" alt=\"\" width=\"480\" height=\"622\" src=\"data:image\/svg+xml;base64,PHN2ZyB3aWR0aD0iMSIgaGVpZ2h0PSIxIiB4bWxucz0iaHR0cDovL3d3dy53My5vcmcvMjAwMC9zdmciPjwvc3ZnPg==\" style=\"--smush-placeholder-width: 480px; --smush-placeholder-aspect-ratio: 480\/622;\" \/><\/p>\n<p>&nbsp;<\/p>\n<p>Este a\u00f1o representa un a\u00f1o especial en la historia y el desarrollo de SCAN, ya que celebramos el ANIVERSARIO DE DIEZ A\u00d1OS desde que se abri\u00f3 el Refugio de El Verger. Para marcar la ocasi\u00f3n, est\u00e1is invitados a uniros a nosotros para celebrar este hito en nuestra historia el DOMINGO 30 DE OCTUBRE A LAS 13:00 horas.\u00a0 Barbacoa, bar y m\u00fasica en vivo. La puerta se abrir\u00e1 a las 12.45 horas.<\/p>\n<p>Para ayudar con el catering, por favor, h\u00e1ganos saber si va a asistir. Env\u00ede un correo electr\u00f3nico a scaneventscostablanca@gmail.com o llame por WhatsApp al 711 08 10 95.<\/p>\n<p>Esperemos verte all\u00ed.<\/p>\n","protected":false},"excerpt":{"rendered":"<p>&nbsp; Este a\u00f1o representa un a\u00f1o especial en la historia y el desarrollo de SCAN, ya que celebramos el ANIVERSARIO DE DIEZ A\u00d1OS desde que se abri\u00f3 el Refugio de [&#8230;]<\/p>\n<p><a class=\"btn btn-secondary understrap-read-more-link\" href=\"https:\/\/www.scancostablanca.com\/es\/noticias\/scan-shelter-el-verger-1o-year-aniversary\/\">Leer m\u00e1s&#8230;<\/a><\/p>\n","protected":false},"author":586,"featured_media":0,"comment_status":"open","ping_status":"closed","sticky":false,"template":"","format":"standard","meta":{"_acf_changed":false,"footnotes":""},"categories":[75,61],"tags":[],"class_list":["post-54691","post","type-post","status-publish","format-standard","hentry","category-eventos","category-noticias"],"acf":[],"yoast_head":"<!-- This site is optimized with the Yoast SEO plugin v27.4 - https:\/\/yoast.com\/product\/yoast-seo-wordpress\/ -->\n<title>S.C.A.N. Costa Blanca - Animals for Adoption - Eventos, Noticias - SCAN PROETECTORA EL VERGER 1O ANIVERSARIO<\/title>\n<meta name=\"description\" content=\"S.C.A.N. Costa Blanca - Animal Adoptions - Dog and Cat Rescue, Care &amp; Rehoming - Eventos, Noticias - SCAN PROETECTORA EL VERGER 1O ANIVERSARIO\" \/>\n<meta name=\"robots\" content=\"index, follow, max-snippet:-1, max-image-preview:large, max-video-preview:-1\" \/>\n<link rel=\"canonical\" href=\"https:\/\/www.scancostablanca.com\/es\/noticias\/scan-shelter-el-verger-1o-year-aniversary\/\" \/>\n<meta property=\"og:locale\" content=\"es_ES\" \/>\n<meta property=\"og:type\" content=\"article\" \/>\n<meta property=\"og:title\" content=\"S.C.A.N. Costa Blanca - Animals for Adoption - Eventos, Noticias - SCAN PROETECTORA EL VERGER 1O ANIVERSARIO\" \/>\n<meta property=\"og:description\" content=\"S.C.A.N. Costa Blanca - Animal Adoptions - Dog and Cat Rescue, Care &amp; Rehoming - Eventos, Noticias - SCAN PROETECTORA EL VERGER 1O ANIVERSARIO\" \/>\n<meta property=\"og:url\" content=\"https:\/\/www.scancostablanca.com\/es\/noticias\/scan-shelter-el-verger-1o-year-aniversary\/\" \/>\n<meta property=\"og:site_name\" content=\"S.C.A.N. Costa Blanca\" \/>\n<meta property=\"article:publisher\" content=\"https:\/\/www.facebook.com\/SocietyForTheCareOfAnimalsInNeedScan\/\" \/>\n<meta property=\"article:published_time\" content=\"2022-10-04T16:58:20+00:00\" \/>\n<meta property=\"article:modified_time\" content=\"2022-10-09T18:11:00+00:00\" \/>\n<meta property=\"og:image\" content=\"https:\/\/www.scancostablanca.com\/wp-content\/uploads\/2022\/10\/10th-Aniversary-Flyer-1-1000x1295.jpg\" \/>\n\t<meta property=\"og:image:width\" content=\"1000\" \/>\n\t<meta property=\"og:image:height\" content=\"1295\" \/>\n\t<meta property=\"og:image:type\" content=\"image\/jpeg\" \/>\n<meta name=\"author\" content=\"Chris\" \/>\n<meta name=\"twitter:card\" content=\"summary_large_image\" \/>\n<script type=\"application\/ld+json\" class=\"yoast-schema-graph\">{\"@context\":\"https:\\\/\\\/schema.org\",\"@graph\":[{\"@type\":\"Article\",\"@id\":\"https:\\\/\\\/www.scancostablanca.com\\\/es\\\/noticias\\\/scan-shelter-el-verger-1o-year-aniversary\\\/#article\",\"isPartOf\":{\"@id\":\"https:\\\/\\\/www.scancostablanca.com\\\/es\\\/noticias\\\/scan-shelter-el-verger-1o-year-aniversary\\\/\"},\"author\":{\"name\":\"Chris\",\"@id\":\"https:\\\/\\\/www.scancostablanca.com\\\/#\\\/schema\\\/person\\\/6cff6374b6890e11a6f1bd0493bec5ef\"},\"headline\":\"SCAN PROETECTORA EL VERGER 1O ANIVERSARIO\",\"datePublished\":\"2022-10-04T16:58:20+00:00\",\"dateModified\":\"2022-10-09T18:11:00+00:00\",\"mainEntityOfPage\":{\"@id\":\"https:\\\/\\\/www.scancostablanca.com\\\/es\\\/noticias\\\/scan-shelter-el-verger-1o-year-aniversary\\\/\"},\"wordCount\":113,\"commentCount\":0,\"publisher\":{\"@id\":\"https:\\\/\\\/www.scancostablanca.com\\\/#organization\"},\"image\":{\"@id\":\"https:\\\/\\\/www.scancostablanca.com\\\/es\\\/noticias\\\/scan-shelter-el-verger-1o-year-aniversary\\\/#primaryimage\"},\"thumbnailUrl\":\"https:\\\/\\\/www.scancostablanca.com\\\/wp-content\\\/uploads\\\/2022\\\/10\\\/10th-Aniversary-Flyer-480x622.jpg\",\"articleSection\":[\"Eventos\",\"Noticias\"],\"inLanguage\":\"es\",\"potentialAction\":[{\"@type\":\"CommentAction\",\"name\":\"Comment\",\"target\":[\"https:\\\/\\\/www.scancostablanca.com\\\/es\\\/noticias\\\/scan-shelter-el-verger-1o-year-aniversary\\\/#respond\"]}]},{\"@type\":\"WebPage\",\"@id\":\"https:\\\/\\\/www.scancostablanca.com\\\/es\\\/noticias\\\/scan-shelter-el-verger-1o-year-aniversary\\\/\",\"url\":\"https:\\\/\\\/www.scancostablanca.com\\\/es\\\/noticias\\\/scan-shelter-el-verger-1o-year-aniversary\\\/\",\"name\":\"S.C.A.N. Costa Blanca - Animals for Adoption - Eventos, Noticias - SCAN PROETECTORA EL VERGER 1O ANIVERSARIO\",\"isPartOf\":{\"@id\":\"https:\\\/\\\/www.scancostablanca.com\\\/#website\"},\"primaryImageOfPage\":{\"@id\":\"https:\\\/\\\/www.scancostablanca.com\\\/es\\\/noticias\\\/scan-shelter-el-verger-1o-year-aniversary\\\/#primaryimage\"},\"image\":{\"@id\":\"https:\\\/\\\/www.scancostablanca.com\\\/es\\\/noticias\\\/scan-shelter-el-verger-1o-year-aniversary\\\/#primaryimage\"},\"thumbnailUrl\":\"https:\\\/\\\/www.scancostablanca.com\\\/wp-content\\\/uploads\\\/2022\\\/10\\\/10th-Aniversary-Flyer-480x622.jpg\",\"datePublished\":\"2022-10-04T16:58:20+00:00\",\"dateModified\":\"2022-10-09T18:11:00+00:00\",\"description\":\"S.C.A.N. Costa Blanca - Animal Adoptions - Dog and Cat Rescue, Care & Rehoming - Eventos, Noticias - SCAN PROETECTORA EL VERGER 1O ANIVERSARIO\",\"breadcrumb\":{\"@id\":\"https:\\\/\\\/www.scancostablanca.com\\\/es\\\/noticias\\\/scan-shelter-el-verger-1o-year-aniversary\\\/#breadcrumb\"},\"inLanguage\":\"es\",\"potentialAction\":[{\"@type\":\"ReadAction\",\"target\":[\"https:\\\/\\\/www.scancostablanca.com\\\/es\\\/noticias\\\/scan-shelter-el-verger-1o-year-aniversary\\\/\"]}]},{\"@type\":\"ImageObject\",\"inLanguage\":\"es\",\"@id\":\"https:\\\/\\\/www.scancostablanca.com\\\/es\\\/noticias\\\/scan-shelter-el-verger-1o-year-aniversary\\\/#primaryimage\",\"url\":\"https:\\\/\\\/www.scancostablanca.com\\\/wp-content\\\/uploads\\\/2022\\\/10\\\/10th-Aniversary-Flyer-480x622.jpg\",\"contentUrl\":\"https:\\\/\\\/www.scancostablanca.com\\\/wp-content\\\/uploads\\\/2022\\\/10\\\/10th-Aniversary-Flyer-480x622.jpg\"},{\"@type\":\"BreadcrumbList\",\"@id\":\"https:\\\/\\\/www.scancostablanca.com\\\/es\\\/noticias\\\/scan-shelter-el-verger-1o-year-aniversary\\\/#breadcrumb\",\"itemListElement\":[{\"@type\":\"ListItem\",\"position\":1,\"name\":\"Home\",\"item\":\"https:\\\/\\\/www.scancostablanca.com\\\/es\\\/\"},{\"@type\":\"ListItem\",\"position\":2,\"name\":\"SCAN PROETECTORA EL VERGER 1O ANIVERSARIO\"}]},{\"@type\":\"WebSite\",\"@id\":\"https:\\\/\\\/www.scancostablanca.com\\\/#website\",\"url\":\"https:\\\/\\\/www.scancostablanca.com\\\/\",\"name\":\"S.C.A.N. Costa Blanca\",\"description\":\"Sociedad para el Cuidado de los Animales que lo Necesitan\",\"publisher\":{\"@id\":\"https:\\\/\\\/www.scancostablanca.com\\\/#organization\"},\"potentialAction\":[{\"@type\":\"SearchAction\",\"target\":{\"@type\":\"EntryPoint\",\"urlTemplate\":\"https:\\\/\\\/www.scancostablanca.com\\\/?s={search_term_string}\"},\"query-input\":{\"@type\":\"PropertyValueSpecification\",\"valueRequired\":true,\"valueName\":\"search_term_string\"}}],\"inLanguage\":\"es\"},{\"@type\":\"Organization\",\"@id\":\"https:\\\/\\\/www.scancostablanca.com\\\/#organization\",\"name\":\"Society for the Care of Animals in Need\",\"url\":\"https:\\\/\\\/www.scancostablanca.com\\\/\",\"logo\":{\"@type\":\"ImageObject\",\"inLanguage\":\"es\",\"@id\":\"https:\\\/\\\/www.scancostablanca.com\\\/#\\\/schema\\\/logo\\\/image\\\/\",\"url\":\"https:\\\/\\\/www.scancostablanca.com\\\/wp-content\\\/uploads\\\/2018\\\/05\\\/scan-logo-text-blk-nobg.png\",\"contentUrl\":\"https:\\\/\\\/www.scancostablanca.com\\\/wp-content\\\/uploads\\\/2018\\\/05\\\/scan-logo-text-blk-nobg.png\",\"width\":409,\"height\":135,\"caption\":\"Society for the Care of Animals in Need\"},\"image\":{\"@id\":\"https:\\\/\\\/www.scancostablanca.com\\\/#\\\/schema\\\/logo\\\/image\\\/\"},\"sameAs\":[\"https:\\\/\\\/www.facebook.com\\\/SocietyForTheCareOfAnimalsInNeedScan\\\/\"]},{\"@type\":\"Person\",\"@id\":\"https:\\\/\\\/www.scancostablanca.com\\\/#\\\/schema\\\/person\\\/6cff6374b6890e11a6f1bd0493bec5ef\",\"name\":\"Chris\",\"image\":{\"@type\":\"ImageObject\",\"inLanguage\":\"es\",\"@id\":\"https:\\\/\\\/secure.gravatar.com\\\/avatar\\\/8424e78aa4d2421f7fea5c4c68172ec45f891ff50d6461992dd618b7cde88d1b?s=96&d=identicon&r=g\",\"url\":\"https:\\\/\\\/secure.gravatar.com\\\/avatar\\\/8424e78aa4d2421f7fea5c4c68172ec45f891ff50d6461992dd618b7cde88d1b?s=96&d=identicon&r=g\",\"contentUrl\":\"https:\\\/\\\/secure.gravatar.com\\\/avatar\\\/8424e78aa4d2421f7fea5c4c68172ec45f891ff50d6461992dd618b7cde88d1b?s=96&d=identicon&r=g\",\"caption\":\"Chris\"}}]}<\/script>\n<!-- \/ Yoast SEO plugin. -->","yoast_head_json":{"title":"S.C.A.N. Costa Blanca - Animals for Adoption - Eventos, Noticias - SCAN PROETECTORA EL VERGER 1O ANIVERSARIO","description":"S.C.A.N. Costa Blanca - Animal Adoptions - Dog and Cat Rescue, Care & Rehoming - Eventos, Noticias - SCAN PROETECTORA EL VERGER 1O ANIVERSARIO","robots":{"index":"index","follow":"follow","max-snippet":"max-snippet:-1","max-image-preview":"max-image-preview:large","max-video-preview":"max-video-preview:-1"},"canonical":"https:\/\/www.scancostablanca.com\/es\/noticias\/scan-shelter-el-verger-1o-year-aniversary\/","og_locale":"es_ES","og_type":"article","og_title":"S.C.A.N. Costa Blanca - Animals for Adoption - Eventos, Noticias - SCAN PROETECTORA EL VERGER 1O ANIVERSARIO","og_description":"S.C.A.N. Costa Blanca - Animal Adoptions - Dog and Cat Rescue, Care & Rehoming - Eventos, Noticias - SCAN PROETECTORA EL VERGER 1O ANIVERSARIO","og_url":"https:\/\/www.scancostablanca.com\/es\/noticias\/scan-shelter-el-verger-1o-year-aniversary\/","og_site_name":"S.C.A.N. Costa Blanca","article_publisher":"https:\/\/www.facebook.com\/SocietyForTheCareOfAnimalsInNeedScan\/","article_published_time":"2022-10-04T16:58:20+00:00","article_modified_time":"2022-10-09T18:11:00+00:00","og_image":[{"width":1000,"height":1295,"url":"https:\/\/www.scancostablanca.com\/wp-content\/uploads\/2022\/10\/10th-Aniversary-Flyer-1-1000x1295.jpg","type":"image\/jpeg"}],"author":"Chris","twitter_card":"summary_large_image","schema":{"@context":"https:\/\/schema.org","@graph":[{"@type":"Article","@id":"https:\/\/www.scancostablanca.com\/es\/noticias\/scan-shelter-el-verger-1o-year-aniversary\/#article","isPartOf":{"@id":"https:\/\/www.scancostablanca.com\/es\/noticias\/scan-shelter-el-verger-1o-year-aniversary\/"},"author":{"name":"Chris","@id":"https:\/\/www.scancostablanca.com\/#\/schema\/person\/6cff6374b6890e11a6f1bd0493bec5ef"},"headline":"SCAN PROETECTORA EL VERGER 1O ANIVERSARIO","datePublished":"2022-10-04T16:58:20+00:00","dateModified":"2022-10-09T18:11:00+00:00","mainEntityOfPage":{"@id":"https:\/\/www.scancostablanca.com\/es\/noticias\/scan-shelter-el-verger-1o-year-aniversary\/"},"wordCount":113,"commentCount":0,"publisher":{"@id":"https:\/\/www.scancostablanca.com\/#organization"},"image":{"@id":"https:\/\/www.scancostablanca.com\/es\/noticias\/scan-shelter-el-verger-1o-year-aniversary\/#primaryimage"},"thumbnailUrl":"https:\/\/www.scancostablanca.com\/wp-content\/uploads\/2022\/10\/10th-Aniversary-Flyer-480x622.jpg","articleSection":["Eventos","Noticias"],"inLanguage":"es","potentialAction":[{"@type":"CommentAction","name":"Comment","target":["https:\/\/www.scancostablanca.com\/es\/noticias\/scan-shelter-el-verger-1o-year-aniversary\/#respond"]}]},{"@type":"WebPage","@id":"https:\/\/www.scancostablanca.com\/es\/noticias\/scan-shelter-el-verger-1o-year-aniversary\/","url":"https:\/\/www.scancostablanca.com\/es\/noticias\/scan-shelter-el-verger-1o-year-aniversary\/","name":"S.C.A.N. Costa Blanca - Animals for Adoption - Eventos, Noticias - SCAN PROETECTORA EL VERGER 1O ANIVERSARIO","isPartOf":{"@id":"https:\/\/www.scancostablanca.com\/#website"},"primaryImageOfPage":{"@id":"https:\/\/www.scancostablanca.com\/es\/noticias\/scan-shelter-el-verger-1o-year-aniversary\/#primaryimage"},"image":{"@id":"https:\/\/www.scancostablanca.com\/es\/noticias\/scan-shelter-el-verger-1o-year-aniversary\/#primaryimage"},"thumbnailUrl":"https:\/\/www.scancostablanca.com\/wp-content\/uploads\/2022\/10\/10th-Aniversary-Flyer-480x622.jpg","datePublished":"2022-10-04T16:58:20+00:00","dateModified":"2022-10-09T18:11:00+00:00","description":"S.C.A.N. Costa Blanca - Animal Adoptions - Dog and Cat Rescue, Care & Rehoming - Eventos, Noticias - SCAN PROETECTORA EL VERGER 1O ANIVERSARIO","breadcrumb":{"@id":"https:\/\/www.scancostablanca.com\/es\/noticias\/scan-shelter-el-verger-1o-year-aniversary\/#breadcrumb"},"inLanguage":"es","potentialAction":[{"@type":"ReadAction","target":["https:\/\/www.scancostablanca.com\/es\/noticias\/scan-shelter-el-verger-1o-year-aniversary\/"]}]},{"@type":"ImageObject","inLanguage":"es","@id":"https:\/\/www.scancostablanca.com\/es\/noticias\/scan-shelter-el-verger-1o-year-aniversary\/#primaryimage","url":"https:\/\/www.scancostablanca.com\/wp-content\/uploads\/2022\/10\/10th-Aniversary-Flyer-480x622.jpg","contentUrl":"https:\/\/www.scancostablanca.com\/wp-content\/uploads\/2022\/10\/10th-Aniversary-Flyer-480x622.jpg"},{"@type":"BreadcrumbList","@id":"https:\/\/www.scancostablanca.com\/es\/noticias\/scan-shelter-el-verger-1o-year-aniversary\/#breadcrumb","itemListElement":[{"@type":"ListItem","position":1,"name":"Home","item":"https:\/\/www.scancostablanca.com\/es\/"},{"@type":"ListItem","position":2,"name":"SCAN PROETECTORA EL VERGER 1O ANIVERSARIO"}]},{"@type":"WebSite","@id":"https:\/\/www.scancostablanca.com\/#website","url":"https:\/\/www.scancostablanca.com\/","name":"S.C.A.N. Costa Blanca","description":"Sociedad para el Cuidado de los Animales que lo Necesitan","publisher":{"@id":"https:\/\/www.scancostablanca.com\/#organization"},"potentialAction":[{"@type":"SearchAction","target":{"@type":"EntryPoint","urlTemplate":"https:\/\/www.scancostablanca.com\/?s={search_term_string}"},"query-input":{"@type":"PropertyValueSpecification","valueRequired":true,"valueName":"search_term_string"}}],"inLanguage":"es"},{"@type":"Organization","@id":"https:\/\/www.scancostablanca.com\/#organization","name":"Society for the Care of Animals in Need","url":"https:\/\/www.scancostablanca.com\/","logo":{"@type":"ImageObject","inLanguage":"es","@id":"https:\/\/www.scancostablanca.com\/#\/schema\/logo\/image\/","url":"https:\/\/www.scancostablanca.com\/wp-content\/uploads\/2018\/05\/scan-logo-text-blk-nobg.png","contentUrl":"https:\/\/www.scancostablanca.com\/wp-content\/uploads\/2018\/05\/scan-logo-text-blk-nobg.png","width":409,"height":135,"caption":"Society for the Care of Animals in Need"},"image":{"@id":"https:\/\/www.scancostablanca.com\/#\/schema\/logo\/image\/"},"sameAs":["https:\/\/www.facebook.com\/SocietyForTheCareOfAnimalsInNeedScan\/"]},{"@type":"Person","@id":"https:\/\/www.scancostablanca.com\/#\/schema\/person\/6cff6374b6890e11a6f1bd0493bec5ef","name":"Chris","image":{"@type":"ImageObject","inLanguage":"es","@id":"https:\/\/secure.gravatar.com\/avatar\/8424e78aa4d2421f7fea5c4c68172ec45f891ff50d6461992dd618b7cde88d1b?s=96&d=identicon&r=g","url":"https:\/\/secure.gravatar.com\/avatar\/8424e78aa4d2421f7fea5c4c68172ec45f891ff50d6461992dd618b7cde88d1b?s=96&d=identicon&r=g","contentUrl":"https:\/\/secure.gravatar.com\/avatar\/8424e78aa4d2421f7fea5c4c68172ec45f891ff50d6461992dd618b7cde88d1b?s=96&d=identicon&r=g","caption":"Chris"}}]}},"_links":{"self":[{"href":"https:\/\/www.scancostablanca.com\/es\/wp-json\/wp\/v2\/posts\/54691","targetHints":{"allow":["GET"]}}],"collection":[{"href":"https:\/\/www.scancostablanca.com\/es\/wp-json\/wp\/v2\/posts"}],"about":[{"href":"https:\/\/www.scancostablanca.com\/es\/wp-json\/wp\/v2\/types\/post"}],"author":[{"embeddable":true,"href":"https:\/\/www.scancostablanca.com\/es\/wp-json\/wp\/v2\/users\/586"}],"replies":[{"embeddable":true,"href":"https:\/\/www.scancostablanca.com\/es\/wp-json\/wp\/v2\/comments?post=54691"}],"version-history":[{"count":0,"href":"https:\/\/www.scancostablanca.com\/es\/wp-json\/wp\/v2\/posts\/54691\/revisions"}],"wp:attachment":[{"href":"https:\/\/www.scancostablanca.com\/es\/wp-json\/wp\/v2\/media?parent=54691"}],"wp:term":[{"taxonomy":"category","embeddable":true,"href":"https:\/\/www.scancostablanca.com\/es\/wp-json\/wp\/v2\/categories?post=54691"},{"taxonomy":"post_tag","embeddable":true,"href":"https:\/\/www.scancostablanca.com\/es\/wp-json\/wp\/v2\/tags?post=54691"}],"curies":[{"name":"wp","href":"https:\/\/api.w.org\/{rel}","templated":true}]}}